{"id":399,"date":"2024-08-17T15:47:26","date_gmt":"2024-08-17T13:47:26","guid":{"rendered":"http:\/\/tmxfnwc.cluster029.hosting.ovh.net\/?p=399"},"modified":"2024-08-17T20:17:29","modified_gmt":"2024-08-17T18:17:29","slug":"bbq-de-reinscriptions-2024-2025","status":"publish","type":"post","link":"https:\/\/www.tctrevoux.fr\/index.php\/2024\/08\/17\/bbq-de-reinscriptions-2024-2025\/","title":{"rendered":"BBQ de r\u00e9inscriptions 2024\/2025"},"content":{"rendered":"<p>[et_pb_section fb_built=\u00a0\u00bb1&Prime; _builder_version=\u00a0\u00bb4.25.2&Prime; _module_preset=\u00a0\u00bbdefault\u00a0\u00bb global_colors_info=\u00a0\u00bb{}\u00a0\u00bb][et_pb_row _builder_version=\u00a0\u00bb4.25.2&Prime; _module_preset=\u00a0\u00bbdefault\u00a0\u00bb global_colors_info=\u00a0\u00bb{}\u00a0\u00bb][et_pb_column type=\u00a0\u00bb4_4&Prime; _builder_version=\u00a0\u00bb4.25.2&Prime; _module_preset=\u00a0\u00bbdefault\u00a0\u00bb global_colors_info=\u00a0\u00bb{}\u00a0\u00bb][et_pb_image src=\u00a0\u00bbhttps:\/\/cdn.helloasso.com\/img\/photos\/evenements\/croppedimage-45cff0edbc2a4a39be0b5d2abd64df0a.png?resize=fill:1920:250&Prime; _builder_version=\u00a0\u00bb4.25.2&Prime; _module_preset=\u00a0\u00bbdefault\u00a0\u00bb global_colors_info=\u00a0\u00bb{}\u00a0\u00bb][\/et_pb_image][et_pb_text _builder_version=\u00a0\u00bb4.25.2&Prime; _module_preset=\u00a0\u00bbdefault\u00a0\u00bb global_colors_info=\u00a0\u00bb{}\u00a0\u00bb]<\/p>\n<p>Bonjour \u00e0 toutes et \u00e0 tous,<\/p>\n<p>&nbsp;<\/p>\n<p>La campagne d&rsquo;inscription au TC Tr\u00e9voux pour la prochaine saison est d\u00e9sormais\u00a0 officiellement ouverte. De nombreuses dates ont \u00e9t\u00e9 propos\u00e9es pour l&rsquo;<u><strong>\u00e9cole de tennis<\/strong><\/u><span> et pour les adultes.<\/span><\/p>\n<p>&nbsp;<\/p>\n<p>Pour ce qui est du mois d&rsquo;Ao\u00fbt, nous vous invitons le<span>\u00a0<\/span><u><strong>31 Ao\u00fbt 2024<\/strong><\/u><span>\u00a0<\/span>\u00e0 passer au Tennis Club pour la journ\u00e9e officielle de<span>\u00a0<\/span><u><strong>R\u00e9inscriptions saison 2024-2025<\/strong><\/u>.<\/p>\n<p>&nbsp;<\/p>\n<p><u><strong>A cette occasion, nous tiendrons un stand de r\u00e9inscriptions pour les Adultes et les Enfants \u00e0 partir de 11h jusqu&rsquo;\u00e0 la fin de journ\u00e9e&#8230;.<\/strong><\/u><\/p>\n<p>&nbsp;<\/p>\n<p>Cela fera l&rsquo;occasion<span>\u00a0<\/span><strong>pour anciens et nouveaux<\/strong><span>\u00a0<\/span>de:<\/p>\n<p>&#8211; se retrouver et de pouvoir<span>\u00a0<\/span><u><strong>jouer ensemble et taper la balle<\/strong><\/u><span>\u00a0<\/span>(venez d\u00e9fier le pr\u00e9sident qui vient de remporter le tournoi Open +45)..,<\/p>\n<p>&#8211; de recevoir les nouveaux badges d&rsquo;acc\u00e8s aux terrains (<u><strong>les serrures seront chang\u00e9es ce jour<\/strong><\/u>) et de rendre les anciennes cartes (rouge, jaune, vert)<\/p>\n<p>&#8211; de manger tous ensemble avec l&rsquo;organisation d &lsquo;un<span>\u00a0<\/span><u><strong>Barbecue \u00e0 midi avec formule saucisses\/merguez + Frites + boisson<\/strong><\/u><span>\u00a0<\/span>pour 10\u20ac<\/p>\n<p>&nbsp;<\/p>\n<p>Pour le barbecue, inscriptions obligatoires \u00e0 l&rsquo;adresse suivante:<\/p>\n<p><a href=\"https:\/\/www.helloasso.com\/associations\/tennis-club-de-trevoux\/evenements\/barbecue-tc-trevoux-rentree-2024-2025\">https:\/\/www.helloasso.com\/associations\/tennis-club-de-trevoux\/evenements\/barbecue-tc-trevoux-rentree-2024-2025<\/a><\/p>\n<p>Pour plus d&rsquo;information, merci de nous contacter par mail \u00e0 <a href=\"mailto:tc.trevoux@fft.fr\">tc.trevoux@fft.fr<\/a><\/p>\n<p>&nbsp;<\/p>\n<p>En esp\u00e9rant vous voir nombreux!<\/p>\n<p>&nbsp;<\/p>\n<p>Le bureau du TC Tr\u00e9voux<\/p>\n<p>[\/et_pb_text][et_pb_image src=\u00a0\u00bbhttps:\/\/adoc.app.fft.fr\/adminupload\/temp\/50\/01\/0045\/ADOC_PJ\/31\/351A934E7AC45FC6DF555E59876233F6.jpg\u00a0\u00bb _builder_version=\u00a0\u00bb4.25.2&Prime; _module_preset=\u00a0\u00bbdefault\u00a0\u00bb global_colors_info=\u00a0\u00bb{}\u00a0\u00bb][\/et_pb_image][\/et_pb_column][\/et_pb_row][\/et_pb_section]<\/p>\n","protected":false},"excerpt":{"rendered":"<p>Bonjour \u00e0 toutes et \u00e0 tous, &nbsp; La campagne d&rsquo;inscription au TC Tr\u00e9voux pour la prochaine saison est d\u00e9sormais\u00a0 officiellement ouverte. De nombreuses dates ont \u00e9t\u00e9 propos\u00e9es pour l&rsquo;\u00e9cole de tennis et pour les adultes. &nbsp; Pour ce qui est du mois d&rsquo;Ao\u00fbt, nous vous invitons le\u00a031 Ao\u00fbt 2024\u00a0\u00e0 passer au Tennis Club pour la [&hellip;]<\/p>\n","protected":false},"author":2,"featured_media":0,"comment_status":"open","ping_status":"open","sticky":false,"template":"","format":"standard","meta":{"_et_pb_use_builder":"on","_et_pb_old_content":"","_et_gb_content_width":"","sfsi_plus_gutenberg_text_before_share":"","sfsi_plus_gutenberg_show_text_before_share":"","sfsi_plus_gutenberg_icon_type":"","sfsi_plus_gutenberg_icon_alignemt":"","sfsi_plus_gutenburg_max_per_row":"","footnotes":""},"categories":[12],"tags":[],"class_list":["post-399","post","type-post","status-publish","format-standard","hentry","category-animation"],"_links":{"self":[{"href":"https:\/\/www.tctrevoux.fr\/index.php\/wp-json\/wp\/v2\/posts\/399","targetHints":{"allow":["GET"]}}],"collection":[{"href":"https:\/\/www.tctrevoux.fr\/index.php\/wp-json\/wp\/v2\/posts"}],"about":[{"href":"https:\/\/www.tctrevoux.fr\/index.php\/wp-json\/wp\/v2\/types\/post"}],"author":[{"embeddable":true,"href":"https:\/\/www.tctrevoux.fr\/index.php\/wp-json\/wp\/v2\/users\/2"}],"replies":[{"embeddable":true,"href":"https:\/\/www.tctrevoux.fr\/index.php\/wp-json\/wp\/v2\/comments?post=399"}],"version-history":[{"count":0,"href":"https:\/\/www.tctrevoux.fr\/index.php\/wp-json\/wp\/v2\/posts\/399\/revisions"}],"wp:attachment":[{"href":"https:\/\/www.tctrevoux.fr\/index.php\/wp-json\/wp\/v2\/media?parent=399"}],"wp:term":[{"taxonomy":"category","embeddable":true,"href":"https:\/\/www.tctrevoux.fr\/index.php\/wp-json\/wp\/v2\/categories?post=399"},{"taxonomy":"post_tag","embeddable":true,"href":"https:\/\/www.tctrevoux.fr\/index.php\/wp-json\/wp\/v2\/tags?post=399"}],"curies":[{"name":"wp","href":"https:\/\/api.w.org\/{rel}","templated":true}]}}